{"id":10254,"date":"2026-01-25T03:37:28","date_gmt":"2026-01-25T00:37:28","guid":{"rendered":"https:\/\/www.swissapproval.com.tr\/?p=10254"},"modified":"2026-01-25T03:37:33","modified_gmt":"2026-01-25T00:37:33","slug":"kurumsal-yonetisim-nedir-seffaf-hesap-verebilir-ve-guvenilir-yonetim-yapisi","status":"publish","type":"post","link":"https:\/\/swissexpert.com.tr\/industrial\/kurumsal-yonetisim-nedir-seffaf-hesap-verebilir-ve-guvenilir-yonetim-yapisi\/","title":{"rendered":"Kurumsal Y\u00f6neti\u015fim Nedir? \u015eeffaf, Hesap Verebilir ve G\u00fcvenilir Y\u00f6netim Yap\u0131s\u0131"},"content":{"rendered":"\n<p>Kurumsal y\u00f6neti\u015fim, i\u015fletmelerin y\u00f6netim yap\u0131s\u0131n\u0131; \u015feffafl\u0131k, hesap verebilirlik, adillik ve sorumluluk ilkeleri \u00e7er\u00e7evesinde \u015fekillendiren y\u00f6netim anlay\u0131\u015f\u0131d\u0131r. Y\u00f6neti\u015fim, yaln\u0131zca karar alma mekanizmalar\u0131n\u0131 de\u011fil; bu kararlar\u0131n nas\u0131l al\u0131nd\u0131\u011f\u0131n\u0131, nas\u0131l uyguland\u0131\u011f\u0131n\u0131 ve nas\u0131l denetlendi\u011fini de kapsar. Swiss Expert, kurumsal y\u00f6neti\u015fimi s\u00fcrd\u00fcr\u00fclebilir ba\u015far\u0131 ve payda\u015f g\u00fcveninin temel unsuru olarak ele al\u0131r.<\/p>\n\n\n\n<h2 class=\"wp-block-heading\">Kurumsal Y\u00f6neti\u015fimin Amac\u0131<\/h2>\n\n\n\n<p>Kurumsal y\u00f6neti\u015fimin temel amac\u0131, i\u015fletmenin t\u00fcm payda\u015flar\u0131na kar\u015f\u0131 adil, \u015feffaf ve g\u00fcvenilir bir y\u00f6netim anlay\u0131\u015f\u0131 sunmakt\u0131r. Bu yakla\u015f\u0131m sayesinde;<\/p>\n\n\n\n<ul class=\"wp-block-list\">\n<li>Karar alma s\u00fcre\u00e7leri netle\u015fir,<\/li>\n\n\n\n<li>Yetki ve sorumluluklar a\u00e7\u0131k\u00e7a tan\u0131mlan\u0131r,<\/li>\n\n\n\n<li>Kurumsal riskler daha etkin y\u00f6netilir,<\/li>\n\n\n\n<li>Payda\u015f g\u00fcveni g\u00fc\u00e7lenir.<\/li>\n<\/ul>\n\n\n\n<p>Y\u00f6neti\u015fim, g\u00fcvenin kurumsal altyap\u0131s\u0131d\u0131r.<\/p>\n\n\n\n<h2 class=\"wp-block-heading\">Kurumsal Y\u00f6neti\u015fim Neden \u00d6nemlidir?<\/h2>\n\n\n\n<p>Zay\u0131f y\u00f6neti\u015fim yap\u0131lar\u0131, y\u00f6netim hatalar\u0131na ve g\u00fcven kayb\u0131na yol a\u00e7abilir. Etkili bir kurumsal y\u00f6neti\u015fim yakla\u015f\u0131m\u0131;<\/p>\n\n\n\n<ul class=\"wp-block-list\">\n<li>Kurumsal itibar\u0131 ve g\u00fcvenilirli\u011fi art\u0131r\u0131r,<\/li>\n\n\n\n<li>Yat\u0131r\u0131mc\u0131 ve i\u015f ortaklar\u0131n\u0131n g\u00fcvenini sa\u011flar,<\/li>\n\n\n\n<li>Etik ve uyum k\u00fclt\u00fcr\u00fcn\u00fc g\u00fc\u00e7lendirir,<\/li>\n\n\n\n<li>Uzun vadeli s\u00fcrd\u00fcr\u00fclebilirli\u011fi destekler.<\/li>\n<\/ul>\n\n\n\n<p>Bu nedenle y\u00f6neti\u015fim, stratejik y\u00f6netimin temel bile\u015fenlerinden biridir.<\/p>\n\n\n\n<h2 class=\"wp-block-heading\">Kurumsal Y\u00f6neti\u015fimin Kapsam\u0131<\/h2>\n\n\n\n<p>Kurumsal y\u00f6neti\u015fim, i\u015fletmenin t\u00fcm y\u00f6netim ve kontrol mekanizmalar\u0131n\u0131 kapsar. Ba\u015fl\u0131ca kapsam alanlar\u0131 \u015funlard\u0131r:<\/p>\n\n\n\n<ul class=\"wp-block-list\">\n<li>Y\u00f6netim kurulu ve \u00fcst y\u00f6netim yap\u0131lar\u0131<\/li>\n\n\n\n<li>Yetki, sorumluluk ve hesap verebilirlik mekanizmalar\u0131<\/li>\n\n\n\n<li>Etik kurallar ve uyum politikalar\u0131<\/li>\n\n\n\n<li>\u0130\u00e7 kontrol ve denetim sistemleri<\/li>\n\n\n\n<li>Payda\u015f ileti\u015fimi ve \u015feffafl\u0131k uygulamalar\u0131<\/li>\n<\/ul>\n\n\n\n<p>Bu kapsam, y\u00f6neti\u015fimin b\u00fct\u00fcnc\u00fcl \u015fekilde uygulanmas\u0131n\u0131 sa\u011flar.<\/p>\n\n\n\n<h2 class=\"wp-block-heading\">Kurumsal Y\u00f6neti\u015fim Nas\u0131l Uygulan\u0131r?<\/h2>\n\n\n\n<p>Kurumsal y\u00f6neti\u015fim, planl\u0131 ve sistematik bir yap\u0131 ile hayata ge\u00e7irilmelidir. Genel olarak s\u00fcre\u00e7;<\/p>\n\n\n\n<ol class=\"wp-block-list\">\n<li>Y\u00f6neti\u015fim ilkelerinin belirlenmesi<\/li>\n\n\n\n<li>Y\u00f6netim ve kontrol yap\u0131lar\u0131n\u0131n tan\u0131mlanmas\u0131<\/li>\n\n\n\n<li>Yetki ve sorumluluklar\u0131n netle\u015ftirilmesi<\/li>\n\n\n\n<li>\u0130zleme, denetim ve raporlama<\/li>\n\n\n\n<li>S\u00fcrekli g\u00f6zden ge\u00e7irme ve iyile\u015ftirme<\/li>\n<\/ol>\n\n\n\n<p>ad\u0131mlar\u0131n\u0131 kapsar.<\/p>\n\n\n\n<p>Bu yap\u0131, y\u00f6neti\u015fimin s\u00fcrd\u00fcr\u00fclebilir olmas\u0131n\u0131 sa\u011flar.<\/p>\n\n\n\n<h2 class=\"wp-block-heading\">Kurumsal Y\u00f6neti\u015fim ve Etik Y\u00f6netim<\/h2>\n\n\n\n<p>Kurumsal y\u00f6neti\u015fimin \u00f6nemli bir boyutu etik y\u00f6netimdir. Etik ilkeler;<\/p>\n\n\n\n<ul class=\"wp-block-list\">\n<li>Do\u011fru ve adil karar almay\u0131,<\/li>\n\n\n\n<li>\u00c7\u0131kar \u00e7at\u0131\u015fmalar\u0131n\u0131n \u00f6nlenmesini,<\/li>\n\n\n\n<li>Kurumsal k\u00fclt\u00fcr\u00fcn g\u00fc\u00e7lenmesini<\/li>\n<\/ul>\n\n\n\n<p>destekler.<\/p>\n\n\n\n<p>Bu yakla\u015f\u0131m, y\u00f6neti\u015fimi yaln\u0131zca yap\u0131sal de\u011fil, k\u00fclt\u00fcrel hale getirir.<\/p>\n\n\n\n<h2 class=\"wp-block-heading\">Kurumsal Y\u00f6neti\u015fimin \u0130\u015fletmelere Sa\u011flad\u0131\u011f\u0131 Faydalar<\/h2>\n\n\n\n<p>Do\u011fru \u015fekilde uygulanan kurumsal y\u00f6neti\u015fim, i\u015fletmelere \u00f6nemli katk\u0131lar sunar:<\/p>\n\n\n\n<ul class=\"wp-block-list\">\n<li>Kurumsal \u015feffafl\u0131k ve g\u00fcven artar<\/li>\n\n\n\n<li>Y\u00f6netim kalitesi y\u00fckselir<\/li>\n\n\n\n<li>Riskler daha etkin y\u00f6netilir<\/li>\n\n\n\n<li>Payda\u015f ili\u015fkileri g\u00fc\u00e7lenir<\/li>\n\n\n\n<li>Uzun vadeli ba\u015far\u0131 desteklenir<\/li>\n<\/ul>\n\n\n\n<p>Bu faydalar, y\u00f6neti\u015fimin stratejik de\u011ferini ortaya koyar.<\/p>\n\n\n\n<h2 class=\"wp-block-heading\">Swiss Expert Yakla\u015f\u0131m\u0131yla Kurumsal Y\u00f6neti\u015fim<\/h2>\n\n\n\n<p>Swiss Expert, kurumsal y\u00f6neti\u015fimi yaln\u0131zca teorik bir \u00e7er\u00e7eve olarak ele almaz. Kurumsal yakla\u015f\u0131m\u0131m\u0131zda;<\/p>\n\n\n\n<ul class=\"wp-block-list\">\n<li>Risk ve s\u00fcre\u00e7 odakl\u0131 y\u00f6neti\u015fim yap\u0131lar\u0131,<\/li>\n\n\n\n<li>Standartlara ve iyi uygulamalara uyum,<\/li>\n\n\n\n<li>\u015eeffaf ve izlenebilir y\u00f6netim mekanizmalar\u0131,<\/li>\n\n\n\n<li>S\u00fcrekli izleme ve iyile\u015ftirme<\/li>\n<\/ul>\n\n\n\n<p>ilkeleri esas al\u0131n\u0131r.<\/p>\n\n\n\n<p>Bu yakla\u015f\u0131m, y\u00f6neti\u015fimin i\u015fletmeye ger\u00e7ek katk\u0131 sa\u011flamas\u0131n\u0131 m\u00fcmk\u00fcn k\u0131lar.<\/p>\n\n\n\n<h2 class=\"wp-block-heading\">Sonu\u00e7<\/h2>\n\n\n\n<p>Kurumsal y\u00f6neti\u015fim, i\u015fletmelerin g\u00fcvenilir, \u015feffaf ve hesap verebilir yap\u0131lar olu\u015fturmas\u0131n\u0131 sa\u011flayan temel bir y\u00f6netim anlay\u0131\u015f\u0131d\u0131r. Swiss Expert, kurumsal y\u00f6neti\u015fimi kurumsal bak\u0131\u015f a\u00e7\u0131s\u0131 ve sistematik yakla\u015f\u0131m\u0131yla ele alarak; i\u015fletmelere g\u00fc\u00e7l\u00fc y\u00f6netim yap\u0131lar\u0131, y\u00fcksek payda\u015f g\u00fcveni ve s\u00fcrd\u00fcr\u00fclebilir ba\u015far\u0131y\u0131 destekleyen sistemler olu\u015fturma konusunda destek sa\u011flar.<\/p>\n","protected":false},"excerpt":{"rendered":"<p>Kurumsal y\u00f6neti\u015fim, i\u015fletmelerin y\u00f6netim yap\u0131s\u0131n\u0131; \u015feffafl\u0131k, hesap verebilirlik, adillik ve sorumluluk ilkeleri \u00e7er\u00e7evesinde \u015fekillendiren y\u00f6netim anlay\u0131\u015f\u0131d\u0131r. Y\u00f6neti\u015fim, yaln\u0131zca karar alma mekanizmalar\u0131n\u0131 de\u011fil; bu kararlar\u0131n nas\u0131l al\u0131nd\u0131\u011f\u0131n\u0131, nas\u0131l uyguland\u0131\u011f\u0131n\u0131 ve nas\u0131l [&hellip;]<\/p>\n","protected":false},"author":26,"featured_media":0,"comment_status":"closed","ping_status":"open","sticky":false,"template":"","format":"standard","meta":{"googlesitekit_rrm_CAowqsfDDA:productID":"","_uag_custom_page_level_css":"","site-sidebar-layout":"default","site-content-layout":"","ast-site-content-layout":"default","site-content-style":"default","site-sidebar-style":"default","ast-global-header-display":"","ast-banner-title-visibility":"","ast-main-header-display":"","ast-hfb-above-header-display":"","ast-hfb-below-header-display":"","ast-hfb-mobile-header-display":"","site-post-title":"","ast-breadcrumbs-content":"","ast-featured-img":"","footer-sml-layout":"","theme-transparent-header-meta":"","adv-header-id-meta":"","stick-header-meta":"","header-above-stick-meta":"","header-main-stick-meta":"","header-below-stick-meta":"","astra-migrate-meta-layouts":"default","ast-page-background-enabled":"default","ast-page-background-meta":{"desktop":{"background-color":"var(--ast-global-color-5)","background-image":"","background-repeat":"repeat","background-position":"center center","background-size":"auto","background-attachment":"scroll","background-type":"","background-media":"","overlay-type":"","overlay-color":"","overlay-opacity":"","overlay-gradient":""},"tablet":{"background-color":"","background-image":"","background-repeat":"repeat","background-position":"center center","background-size":"auto","background-attachment":"scroll","background-type":"","background-media":"","overlay-type":"","overlay-color":"","overlay-opacity":"","overlay-gradient":""},"mobile":{"background-color":"","background-image":"","background-repeat":"repeat","background-position":"center center","background-size":"auto","background-attachment":"scroll","background-type":"","background-media":"","overlay-type":"","overlay-color":"","overlay-opacity":"","overlay-gradient":""}},"ast-content-background-meta":{"desktop":{"background-color":"var(--ast-global-color-4)","background-image":"","background-repeat":"repeat","background-position":"center center","background-size":"auto","background-attachment":"scroll","background-type":"","background-media":"","overlay-type":"","overlay-color":"","overlay-opacity":"","overlay-gradient":""},"tablet":{"background-color":"var(--ast-global-color-4)","background-image":"","background-repeat":"repeat","background-position":"center center","background-size":"auto","background-attachment":"scroll","background-type":"","background-media":"","overlay-type":"","overlay-color":"","overlay-opacity":"","overlay-gradient":""},"mobile":{"background-color":"var(--ast-global-color-4)","background-image":"","background-repeat":"repeat","background-position":"center center","background-size":"auto","background-attachment":"scroll","background-type":"","background-media":"","overlay-type":"","overlay-color":"","overlay-opacity":"","overlay-gradient":""}},"footnotes":"","jetpack_publicize_message":"","jetpack_publicize_feature_enabled":true,"jetpack_social_post_already_shared":true,"jetpack_social_options":{"image_generator_settings":{"template":"highway","default_image_id":0,"font":"","enabled":false},"version":2}},"categories":[778,1],"tags":[3049,2869,3050,2616,946,2966],"class_list":["post-10254","post","type-post","status-publish","format-standard","hentry","category-bilgilendirme","category-newsletter","tag-etik-yonetim","tag-hesap-verebilirlik","tag-kurumsal-yapi","tag-kurumsal-yonetisim","tag-seffaflik","tag-yonetisim-ilkeleri"],"jetpack_publicize_connections":[],"jetpack_featured_media_url":"","spectra_custom_meta":{"_wpcom_is_markdown":["1"],"_edit_lock":["1769301467:26"],"_wpas_done_all":["1"],"_edit_last":["26"],"_genesis_title":["Kurumsal Y\u00f6neti\u015fim Nedir?"],"_genesis_description":["Kurumsal y\u00f6neti\u015fim nedir, i\u015fletmelere ne kazand\u0131r\u0131r ve nas\u0131l etkin \u015fekilde uygulan\u0131r? Swiss Expert yakla\u015f\u0131m\u0131yla \u015feffaf ve hesap verebilir y\u00f6netim"],"_primary_term_category":["778"],"_uag_css_file_name":["uag-css-10254.css"],"_uag_js_file_name":["uag-js-10254.js"]},"uagb_featured_image_src":{"full":false,"thumbnail":false,"medium":false,"medium_large":false,"large":false,"1536x1536":false,"2048x2048":false},"uagb_author_info":{"display_name":"Y\u00f6netici","author_link":"https:\/\/swissexpert.com.tr\/industrial\/author\/yonetici\/"},"uagb_comment_info":0,"uagb_excerpt":"Kurumsal y\u00f6neti\u015fim, i\u015fletmelerin y\u00f6netim yap\u0131s\u0131n\u0131; \u015feffafl\u0131k, hesap verebilirlik, adillik ve sorumluluk ilkeleri \u00e7er\u00e7evesinde \u015fekillendiren y\u00f6netim anlay\u0131\u015f\u0131d\u0131r. Y\u00f6neti\u015fim, yaln\u0131zca karar alma mekanizmalar\u0131n\u0131 de\u011fil; bu kararlar\u0131n nas\u0131l al\u0131nd\u0131\u011f\u0131n\u0131, nas\u0131l uyguland\u0131\u011f\u0131n\u0131 ve nas\u0131l [&hellip;]","_links":{"self":[{"href":"https:\/\/swissexpert.com.tr\/industrial\/wp-json\/wp\/v2\/posts\/10254","targetHints":{"allow":["GET"]}}],"collection":[{"href":"https:\/\/swissexpert.com.tr\/industrial\/wp-json\/wp\/v2\/posts"}],"about":[{"href":"https:\/\/swissexpert.com.tr\/industrial\/wp-json\/wp\/v2\/types\/post"}],"author":[{"embeddable":true,"href":"https:\/\/swissexpert.com.tr\/industrial\/wp-json\/wp\/v2\/users\/26"}],"replies":[{"embeddable":true,"href":"https:\/\/swissexpert.com.tr\/industrial\/wp-json\/wp\/v2\/comments?post=10254"}],"version-history":[{"count":0,"href":"https:\/\/swissexpert.com.tr\/industrial\/wp-json\/wp\/v2\/posts\/10254\/revisions"}],"wp:attachment":[{"href":"https:\/\/swissexpert.com.tr\/industrial\/wp-json\/wp\/v2\/media?parent=10254"}],"wp:term":[{"taxonomy":"category","embeddable":true,"href":"https:\/\/swissexpert.com.tr\/industrial\/wp-json\/wp\/v2\/categories?post=10254"},{"taxonomy":"post_tag","embeddable":true,"href":"https:\/\/swissexpert.com.tr\/industrial\/wp-json\/wp\/v2\/tags?post=10254"}],"curies":[{"name":"wp","href":"https:\/\/api.w.org\/{rel}","templated":true}]}}