{"id":10110,"date":"2026-01-25T02:09:12","date_gmt":"2026-01-24T23:09:12","guid":{"rendered":"https:\/\/www.swissapproval.com.tr\/?p=10110"},"modified":"2026-01-25T02:09:17","modified_gmt":"2026-01-24T23:09:17","slug":"kisisel-verilerin-korunmasi-nedir-kurumsal-sorumlulugun-ve-guvenin-temeli","status":"publish","type":"post","link":"https:\/\/swissexpert.com.tr\/industrial\/kisisel-verilerin-korunmasi-nedir-kurumsal-sorumlulugun-ve-guvenin-temeli\/","title":{"rendered":"Ki\u015fisel Verilerin Korunmas\u0131 Nedir? Kurumsal Sorumlulu\u011fun ve G\u00fcvenin Temeli"},"content":{"rendered":"\n<p>Ki\u015fisel verilerin korunmas\u0131, kimli\u011fi belirli veya belirlenebilir ger\u00e7ek ki\u015filere ait bilgilerin hukuka uygun, g\u00fcvenli ve kontroll\u00fc \u015fekilde i\u015flenmesini sa\u011flayan ilke ve uygulamalar\u0131n b\u00fct\u00fcn\u00fcd\u00fcr. G\u00fcn\u00fcm\u00fczde i\u015fletmeler; \u00e7al\u0131\u015fanlardan m\u00fc\u015fterilere, tedarik\u00e7ilerden i\u015f ortaklar\u0131na kadar \u00e7ok say\u0131da ki\u015fisel veriyi i\u015flemektedir. Bu durum, ki\u015fisel verilerin korunmas\u0131n\u0131 yaln\u0131zca yasal bir zorunluluk de\u011fil, ayn\u0131 zamanda kurumsal g\u00fcvenin temel unsuru haline getirmi\u015ftir. Swiss Expert, ki\u015fisel verilerin korunmas\u0131n\u0131 kurumsal sorumlulu\u011fun ayr\u0131lmaz bir par\u00e7as\u0131 olarak ele al\u0131r.<\/p>\n\n\n\n<h2 class=\"wp-block-heading\">Ki\u015fisel Verilerin Korunmas\u0131n\u0131n Amac\u0131<\/h2>\n\n\n\n<p>Ki\u015fisel verilerin korunmas\u0131n\u0131n temel amac\u0131, bireylerin \u00f6zel hayat\u0131n\u0131n gizlili\u011fini g\u00fcvence alt\u0131na almak ve veri i\u015fleme faaliyetlerinin belirli kurallar \u00e7er\u00e7evesinde y\u00fcr\u00fct\u00fclmesini sa\u011flamakt\u0131r. Bu yakla\u015f\u0131m sayesinde;<\/p>\n\n\n\n<ul class=\"wp-block-list\">\n<li>Ki\u015fisel veriler yetkisiz eri\u015fimden korunur,<\/li>\n\n\n\n<li>Veri i\u015fleme s\u00fcre\u00e7leri \u015feffaf hale gelir,<\/li>\n\n\n\n<li>Hukuka ayk\u0131r\u0131 veri kullan\u0131m\u0131 \u00f6nlenir,<\/li>\n\n\n\n<li>Kurumsal riskler azalt\u0131l\u0131r.<\/li>\n<\/ul>\n\n\n\n<p>Veri koruma, birey haklar\u0131 ile kurumsal ihtiya\u00e7lar aras\u0131nda denge kurar.<\/p>\n\n\n\n<h2 class=\"wp-block-heading\">Ki\u015fisel Veri Kavram\u0131 Ne Anlama Gelir?<\/h2>\n\n\n\n<p>Ki\u015fisel veri; bir ger\u00e7ek ki\u015fiyi do\u011frudan veya dolayl\u0131 olarak tan\u0131mlayabilen her t\u00fcrl\u00fc bilgiyi ifade eder. Bu kapsamda;<\/p>\n\n\n\n<ul class=\"wp-block-list\">\n<li>Kimlik ve ileti\u015fim bilgileri,<\/li>\n\n\n\n<li>Finansal bilgiler,<\/li>\n\n\n\n<li>\u00c7al\u0131\u015fan ve \u00f6zl\u00fck bilgileri,<\/li>\n\n\n\n<li>Dijital izler ve kay\u0131tlar<\/li>\n<\/ul>\n\n\n\n<p>ki\u015fisel veri olarak de\u011ferlendirilir.<\/p>\n\n\n\n<p>Bu verilerin i\u015flenmesi, belirli ilkelere ve s\u0131n\u0131rlamalara tabidir.<\/p>\n\n\n\n<h2 class=\"wp-block-heading\">Ki\u015fisel Verilerin Korunmas\u0131 Neden \u00d6nemlidir?<\/h2>\n\n\n\n<p>Ki\u015fisel verilerin korunmamas\u0131; ciddi idari yapt\u0131r\u0131mlar\u0131n yan\u0131 s\u0131ra itibar ve g\u00fcven kayb\u0131na yol a\u00e7abilir. Etkili bir veri koruma yakla\u015f\u0131m\u0131;<\/p>\n\n\n\n<ul class=\"wp-block-list\">\n<li>Mevzuat ve yasal y\u00fck\u00fcml\u00fcl\u00fcklere uyumu sa\u011flar,<\/li>\n\n\n\n<li>M\u00fc\u015fteri ve \u00e7al\u0131\u015fan g\u00fcvenini art\u0131r\u0131r,<\/li>\n\n\n\n<li>Veri ihlali ve ceza risklerini azalt\u0131r,<\/li>\n\n\n\n<li>Kurumsal itibar\u0131 korur.<\/li>\n<\/ul>\n\n\n\n<p>Bu nedenle ki\u015fisel verilerin korunmas\u0131, \u00fcst y\u00f6netim d\u00fczeyinde ele al\u0131nmas\u0131 gereken stratejik bir konudur.<\/p>\n\n\n\n<h2 class=\"wp-block-heading\">Ki\u015fisel Verilerin \u0130\u015flenmesinde Temel \u0130lkeler<\/h2>\n\n\n\n<p>Ki\u015fisel veri i\u015fleme faaliyetleri belirli temel ilkelere dayan\u0131r:<\/p>\n\n\n\n<ul class=\"wp-block-list\">\n<li>Hukuka ve d\u00fcr\u00fcstl\u00fck kurallar\u0131na uygunluk<\/li>\n\n\n\n<li>Do\u011fru ve g\u00fcncel olma<\/li>\n\n\n\n<li>Belirli, a\u00e7\u0131k ve me\u015fru ama\u00e7lar i\u00e7in i\u015fleme<\/li>\n\n\n\n<li>Ama\u00e7la ba\u011flant\u0131l\u0131, s\u0131n\u0131rl\u0131 ve \u00f6l\u00e7\u00fcl\u00fc olma<\/li>\n\n\n\n<li>Gerekli s\u00fcre kadar muhafaza etme<\/li>\n<\/ul>\n\n\n\n<p>Bu ilkeler, veri i\u015fleme s\u00fcre\u00e7lerinin temel \u00e7er\u00e7evesini olu\u015fturur.<\/p>\n\n\n\n<h2 class=\"wp-block-heading\">Ki\u015fisel Verilerin Korunmas\u0131 Nas\u0131l Sa\u011flan\u0131r?<\/h2>\n\n\n\n<p>Etkili bir ki\u015fisel veri koruma yap\u0131s\u0131, teknik ve idari \u00f6nlemlerin birlikte uygulanmas\u0131n\u0131 gerektirir. Genel olarak;<\/p>\n\n\n\n<ul class=\"wp-block-list\">\n<li>Veri envanterinin olu\u015fturulmas\u0131,<\/li>\n\n\n\n<li>Veri i\u015fleme s\u00fcre\u00e7lerinin tan\u0131mlanmas\u0131,<\/li>\n\n\n\n<li>Eri\u015fim yetkilerinin s\u0131n\u0131rland\u0131r\u0131lmas\u0131,<\/li>\n\n\n\n<li>Politika ve prosed\u00fcrlerin uygulanmas\u0131,<\/li>\n\n\n\n<li>Fark\u0131ndal\u0131k ve e\u011fitim faaliyetleri<\/li>\n<\/ul>\n\n\n\n<p>hayata ge\u00e7irilir.<\/p>\n\n\n\n<p>Bu yap\u0131, veri koruman\u0131n s\u00fcrd\u00fcr\u00fclebilir olmas\u0131n\u0131 sa\u011flar.<\/p>\n\n\n\n<h2 class=\"wp-block-heading\">Ki\u015fisel Verilerin Korunmas\u0131 ve Kurumsal Y\u00f6netim<\/h2>\n\n\n\n<p>Ki\u015fisel verilerin korunmas\u0131, kurumsal y\u00f6netimin \u00f6nemli bir par\u00e7as\u0131d\u0131r. Veri koruma s\u00fcre\u00e7lerinin \u015feffaf ve izlenebilir \u015fekilde y\u00f6netilmesi, hesap verebilirli\u011fi ve g\u00fcveni g\u00fc\u00e7lendirir. Bu yakla\u015f\u0131m, kurumsal olgunlu\u011fun g\u00f6stergelerinden biridir.<\/p>\n\n\n\n<h2 class=\"wp-block-heading\">Swiss Expert Yakla\u015f\u0131m\u0131yla Ki\u015fisel Verilerin Korunmas\u0131<\/h2>\n\n\n\n<p>Swiss Expert, ki\u015fisel verilerin korunmas\u0131n\u0131 yaln\u0131zca mevzuat uyumu olarak de\u011ferlendirmez. Kurumsal yakla\u015f\u0131m\u0131m\u0131zda;<\/p>\n\n\n\n<ul class=\"wp-block-list\">\n<li>Risk bazl\u0131 veri koruma analizi,<\/li>\n\n\n\n<li>Politika ve s\u00fcre\u00e7 odakl\u0131 y\u00f6netim,<\/li>\n\n\n\n<li>Standartlara ve yasal gerekliliklere uyum,<\/li>\n\n\n\n<li>S\u00fcrekli izleme ve iyile\u015ftirme<\/li>\n<\/ul>\n\n\n\n<p>ilkeleri esas al\u0131n\u0131r.<\/p>\n\n\n\n<p>Bu yakla\u015f\u0131m, veri koruman\u0131n i\u015fletme k\u00fclt\u00fcr\u00fcne entegre edilmesini sa\u011flar.<\/p>\n\n\n\n<h2 class=\"wp-block-heading\">Sonu\u00e7<\/h2>\n\n\n\n<p>Ki\u015fisel verilerin korunmas\u0131, birey haklar\u0131n\u0131n g\u00fcvence alt\u0131na al\u0131nmas\u0131n\u0131n yan\u0131 s\u0131ra kurumsal g\u00fcvenin ve s\u00fcrd\u00fcr\u00fclebilirli\u011fin temel \u015fart\u0131d\u0131r. Swiss Expert, ki\u015fisel verilerin korunmas\u0131n\u0131 kurumsal bak\u0131\u015f a\u00e7\u0131s\u0131 ve sistematik y\u00f6netim anlay\u0131\u015f\u0131yla ele alarak; i\u015fletmelere g\u00fcvenilir, \u015feffaf ve mevzuata uyumlu veri y\u00f6netimi yap\u0131lar\u0131 olu\u015fturma konusunda destek sa\u011flar.<\/p>\n","protected":false},"excerpt":{"rendered":"<p>Ki\u015fisel verilerin korunmas\u0131, kimli\u011fi belirli veya belirlenebilir ger\u00e7ek ki\u015filere ait bilgilerin hukuka uygun, g\u00fcvenli ve kontroll\u00fc \u015fekilde i\u015flenmesini sa\u011flayan ilke ve uygulamalar\u0131n b\u00fct\u00fcn\u00fcd\u00fcr. G\u00fcn\u00fcm\u00fczde i\u015fletmeler; \u00e7al\u0131\u015fanlardan m\u00fc\u015fterilere, tedarik\u00e7ilerden i\u015f ortaklar\u0131na [&hellip;]<\/p>\n","protected":false},"author":26,"featured_media":0,"comment_status":"closed","ping_status":"open","sticky":false,"template":"","format":"standard","meta":{"googlesitekit_rrm_CAowqsfDDA:productID":"","_uag_custom_page_level_css":"","site-sidebar-layout":"default","site-content-layout":"","ast-site-content-layout":"default","site-content-style":"default","site-sidebar-style":"default","ast-global-header-display":"","ast-banner-title-visibility":"","ast-main-header-display":"","ast-hfb-above-header-display":"","ast-hfb-below-header-display":"","ast-hfb-mobile-header-display":"","site-post-title":"","ast-breadcrumbs-content":"","ast-featured-img":"","footer-sml-layout":"","theme-transparent-header-meta":"","adv-header-id-meta":"","stick-header-meta":"","header-above-stick-meta":"","header-main-stick-meta":"","header-below-stick-meta":"","astra-migrate-meta-layouts":"default","ast-page-background-enabled":"default","ast-page-background-meta":{"desktop":{"background-color":"var(--ast-global-color-5)","background-image":"","background-repeat":"repeat","background-position":"center center","background-size":"auto","background-attachment":"scroll","background-type":"","background-media":"","overlay-type":"","overlay-color":"","overlay-opacity":"","overlay-gradient":""},"tablet":{"background-color":"","background-image":"","background-repeat":"repeat","background-position":"center center","background-size":"auto","background-attachment":"scroll","background-type":"","background-media":"","overlay-type":"","overlay-color":"","overlay-opacity":"","overlay-gradient":""},"mobile":{"background-color":"","background-image":"","background-repeat":"repeat","background-position":"center center","background-size":"auto","background-attachment":"scroll","background-type":"","background-media":"","overlay-type":"","overlay-color":"","overlay-opacity":"","overlay-gradient":""}},"ast-content-background-meta":{"desktop":{"background-color":"var(--ast-global-color-4)","background-image":"","background-repeat":"repeat","background-position":"center center","background-size":"auto","background-attachment":"scroll","background-type":"","background-media":"","overlay-type":"","overlay-color":"","overlay-opacity":"","overlay-gradient":""},"tablet":{"background-color":"var(--ast-global-color-4)","background-image":"","background-repeat":"repeat","background-position":"center center","background-size":"auto","background-attachment":"scroll","background-type":"","background-media":"","overlay-type":"","overlay-color":"","overlay-opacity":"","overlay-gradient":""},"mobile":{"background-color":"var(--ast-global-color-4)","background-image":"","background-repeat":"repeat","background-position":"center center","background-size":"auto","background-attachment":"scroll","background-type":"","background-media":"","overlay-type":"","overlay-color":"","overlay-opacity":"","overlay-gradient":""}},"footnotes":"","jetpack_publicize_message":"","jetpack_publicize_feature_enabled":true,"jetpack_social_post_already_shared":true,"jetpack_social_options":{"image_generator_settings":{"template":"highway","default_image_id":0,"font":"","enabled":false},"version":2}},"categories":[778,1],"tags":[2895,2892,2896,2894,2897,2893],"class_list":["post-10110","post","type-post","status-publish","format-standard","hentry","category-bilgilendirme","category-newsletter","tag-kisisel-veri-guvenligi","tag-kisisel-verilerin-korunmasi","tag-kvkk","tag-veri-isleme","tag-veri-koruma-politikasi","tag-veri-sorumlusu"],"jetpack_publicize_connections":[],"jetpack_featured_media_url":"","spectra_custom_meta":{"_wpcom_is_markdown":["1"],"_edit_lock":["1769296168:26"],"_wpas_done_all":["1"],"_edit_last":["26"],"_genesis_title":["Ki\u015fisel Verilerin Korunmas\u0131 Nedir?"],"_genesis_description":["Ki\u015fisel verilerin korunmas\u0131 nedir, i\u015fletmeler i\u00e7in neden kritiktir ve nas\u0131l y\u00f6netilir? Swiss Expert yakla\u015f\u0131m\u0131yla KVKK uyumu."],"_primary_term_category":["1"],"_uag_css_file_name":["uag-css-10110.css"],"_uag_js_file_name":["uag-js-10110.js"]},"uagb_featured_image_src":{"full":false,"thumbnail":false,"medium":false,"medium_large":false,"large":false,"1536x1536":false,"2048x2048":false},"uagb_author_info":{"display_name":"Y\u00f6netici","author_link":"https:\/\/swissexpert.com.tr\/industrial\/author\/yonetici\/"},"uagb_comment_info":0,"uagb_excerpt":"Ki\u015fisel verilerin korunmas\u0131, kimli\u011fi belirli veya belirlenebilir ger\u00e7ek ki\u015filere ait bilgilerin hukuka uygun, g\u00fcvenli ve kontroll\u00fc \u015fekilde i\u015flenmesini sa\u011flayan ilke ve uygulamalar\u0131n b\u00fct\u00fcn\u00fcd\u00fcr. G\u00fcn\u00fcm\u00fczde i\u015fletmeler; \u00e7al\u0131\u015fanlardan m\u00fc\u015fterilere, tedarik\u00e7ilerden i\u015f ortaklar\u0131na [&hellip;]","_links":{"self":[{"href":"https:\/\/swissexpert.com.tr\/industrial\/wp-json\/wp\/v2\/posts\/10110","targetHints":{"allow":["GET"]}}],"collection":[{"href":"https:\/\/swissexpert.com.tr\/industrial\/wp-json\/wp\/v2\/posts"}],"about":[{"href":"https:\/\/swissexpert.com.tr\/industrial\/wp-json\/wp\/v2\/types\/post"}],"author":[{"embeddable":true,"href":"https:\/\/swissexpert.com.tr\/industrial\/wp-json\/wp\/v2\/users\/26"}],"replies":[{"embeddable":true,"href":"https:\/\/swissexpert.com.tr\/industrial\/wp-json\/wp\/v2\/comments?post=10110"}],"version-history":[{"count":0,"href":"https:\/\/swissexpert.com.tr\/industrial\/wp-json\/wp\/v2\/posts\/10110\/revisions"}],"wp:attachment":[{"href":"https:\/\/swissexpert.com.tr\/industrial\/wp-json\/wp\/v2\/media?parent=10110"}],"wp:term":[{"taxonomy":"category","embeddable":true,"href":"https:\/\/swissexpert.com.tr\/industrial\/wp-json\/wp\/v2\/categories?post=10110"},{"taxonomy":"post_tag","embeddable":true,"href":"https:\/\/swissexpert.com.tr\/industrial\/wp-json\/wp\/v2\/tags?post=10110"}],"curies":[{"name":"wp","href":"https:\/\/api.w.org\/{rel}","templated":true}]}}